{"id":1777,"date":"2019-11-01T09:56:26","date_gmt":"2019-11-01T07:56:26","guid":{"rendered":"http:\/\/blog.ideecadeau.ch\/?p=1777"},"modified":"2019-11-01T12:08:02","modified_gmt":"2019-11-01T10:08:02","slug":"calendrier-de-l-avent","status":"publish","type":"post","link":"https:\/\/www.ideecadeau.ch\/blog\/calendrier-de-l-avent\/","title":{"rendered":"Cr\u00e9ez votre propre calendrier de l\u2019Avent"},"content":{"rendered":"<h2>Cette ann\u00e9e, en attendant No\u00ebl, surprenez vos proches avec le plus fabuleux des calendriers de l\u2019Avent&nbsp;!<\/h2>\n<p>No\u00ebl approche \u00e0 pas feutr\u00e9s. On en tr\u00e9pigne d\u2019impatience. Dans un mois et une poign\u00e9e de jours, on ouvrira la premi\u00e8re fen\u00eatre du calendrier de l\u2019Avent. ideecadeau.ch vous propose de marquer le coup cette ann\u00e9e avec un <strong><span style=\"color: #ff6600;\"><a style=\"color: #ff6600;\" href=\"https:\/\/www.ideecadeau.ch\/p\/61346-calendrier-de-l-avent-ideecadeau-ch\">calendrier unique en son genre<\/a><\/span><\/strong>, qui fera chaud au coeur de toute la famille !<\/p>\n<p><img loading=\"lazy\" class=\"  wp-image-1786 alignnone\" src=\"http:\/\/blog.ideecadeau.ch\/wp-content\/uploads\/2016\/10\/calendrier-de-l-avent-ideecadeau-ch.jpg\" alt=\"calendrier-de-l-avent-ideecadeau-ch\" width=\"300\" height=\"300\" srcset=\"https:\/\/www.ideecadeau.ch\/blog\/wp-content\/uploads\/2016\/10\/calendrier-de-l-avent-ideecadeau-ch.jpg 624w, https:\/\/www.ideecadeau.ch\/blog\/wp-content\/uploads\/2016\/10\/calendrier-de-l-avent-ideecadeau-ch-150x150.jpg 150w, https:\/\/www.ideecadeau.ch\/blog\/wp-content\/uploads\/2016\/10\/calendrier-de-l-avent-ideecadeau-ch-300x300.jpg 300w\" sizes=\"(max-width: 300px) 100vw, 300px\" \/><\/p>\n<p>Le calendrier ideecadeau.ch se pr\u00e9sente sous la forme de <strong><span style=\"color: #ff6600;\"><a style=\"color: #ff6600;\" href=\"https:\/\/www.ideecadeau.ch\/p\/61346-calendrier-de-l-avent-ideecadeau-ch\">24 pochettes spacieuses \u00e0 remplir selon vos envies<\/a><\/span><\/strong>&nbsp;: friandises, babioles, biscuits maison, petits cadeaux\u2026 Soyez cr\u00e9atif&nbsp;! Vos proches se souviendront longtemps de ce calendrier de l\u2019Avent plein de petites attentions. Pour vous inspirer voici quelques id\u00e9es de surprises dont vous pourriez truffer vos pochettes.<\/p>\n<h2>1. Flasque de No\u00ebl<\/h2>\n<p><a href=\"https:\/\/www.ideecadeau.ch\/p\/56822-flasque-de-noel\"><img loading=\"lazy\" class=\"  wp-image-1780  alignnone\" src=\"http:\/\/blog.ideecadeau.ch\/wp-content\/uploads\/2016\/10\/Flasque-de-No\u00ebl-e1477560204911.jpg\" alt=\"\" width=\"233\" height=\"300\" srcset=\"https:\/\/www.ideecadeau.ch\/blog\/wp-content\/uploads\/2016\/10\/Flasque-de-No\u00ebl-e1477560204911.jpg 457w, https:\/\/www.ideecadeau.ch\/blog\/wp-content\/uploads\/2016\/10\/Flasque-de-No\u00ebl-e1477560204911-233x300.jpg 233w\" sizes=\"(max-width: 233px) 100vw, 233px\" \/><\/a><\/p>\n<p>Aucun doute&nbsp;: cette&nbsp;<a href=\"https:\/\/www.ideecadeau.ch\/p\/56822-flasque-de-noel\"><strong><span style=\"color: #ff6600;\">flasque rev\u00eatue d\u2019un pull en laine<\/span><\/strong><\/a>&nbsp;appartient au p\u00e8re No\u00ebl. On imagine bien la sc\u00e8ne : le soir de No\u00ebl, entre deux trajets en tra\u00eeneaux, le bon vieillard \u00e0 barbe blanche sort la flasque de son manteau et s\u2019envoie, pour se r\u00e9chauffer, une gorg\u00e9e d\u2019une boisson myst\u00e9rieuse dont seuls lui et quelques elfes connaissent la composition.<\/p>\n<h2>2. Bouchon de baignoire chat<\/h2>\n<p><a href=\"https:\/\/www.ideecadeau.ch\/p\/71670-bouchon-de-baignoire-chat\"><img loading=\"lazy\" class=\"alignnone wp-image-1781 \" src=\"http:\/\/blog.ideecadeau.ch\/wp-content\/uploads\/2016\/10\/bouchon-de-baignoire-chat-e1477560800811.jpg\" alt=\"bouchon-de-baignoire-chat\" width=\"300\" height=\"236\" srcset=\"https:\/\/www.ideecadeau.ch\/blog\/wp-content\/uploads\/2016\/10\/bouchon-de-baignoire-chat-e1477560800811.jpg 471w, https:\/\/www.ideecadeau.ch\/blog\/wp-content\/uploads\/2016\/10\/bouchon-de-baignoire-chat-e1477560800811-300x235.jpg 300w\" sizes=\"(max-width: 300px) 100vw, 300px\" \/><\/a><\/p>\n<p>Ce <strong><span style=\"color: #ff6600;\"><a style=\"color: #ff6600;\" href=\"https:\/\/www.ideecadeau.ch\/p\/71670-bouchon-de-baignoire-chat\">mignon petit chat<\/a><\/span><\/strong> adore les bains. Accroch\u00e9 solidement \u00e0 sa bou\u00e9e de sauvetage, il pataugera avec plaisir dans l\u2019\u00e9vier ou la baignoire. Un petit cadeau rigolo qui amusera les petits comme les grands.<\/p>\n<h2>3. Set d&rsquo;aimants cerf<\/h2>\n<p><a href=\"https:\/\/www.ideecadeau.ch\/p\/58332-set-aimants-cerf\"><img loading=\"lazy\" class=\" wp-image-1782  alignnone\" src=\"http:\/\/blog.ideecadeau.ch\/wp-content\/uploads\/2016\/10\/set-aimants-cerf-e1477561009980.jpg\" alt=\"set-aimants-cerf\" width=\"279\" height=\"302\" srcset=\"https:\/\/www.ideecadeau.ch\/blog\/wp-content\/uploads\/2016\/10\/set-aimants-cerf-e1477561009980.jpg 575w, https:\/\/www.ideecadeau.ch\/blog\/wp-content\/uploads\/2016\/10\/set-aimants-cerf-e1477561009980-277x300.jpg 277w\" sizes=\"(max-width: 279px) 100vw, 279px\" \/><\/a><\/p>\n<p>V\u00e9g\u00e9tariens s\u2019abstenir&nbsp;! Vous pourrez ne pas appr\u00e9cier l\u2019id\u00e9e d\u2019accrocher sur votre frigo un <strong><span style=\"color: #ff6600;\"><a style=\"color: #ff6600;\" href=\"https:\/\/www.ideecadeau.ch\/p\/58332-set-aimants-cerf\">renne coup\u00e9 en tranches<\/a><\/span><\/strong>\u2026 A moins que celui-ci ne soit en plastique et que ses morceaux ne soient des aimants destin\u00e9s \u00e0 afficher des photos, la liste des courses, un mot d\u2019amour\u2026<\/p>\n<h2>4. Neige magique en poudre<\/h2>\n<p><a href=\"https:\/\/www.ideecadeau.ch\/p\/55595-neige-magique-en-poudre\"><img loading=\"lazy\" class=\"alignnone wp-image-1783 \" src=\"http:\/\/blog.ideecadeau.ch\/wp-content\/uploads\/2016\/10\/neige-magique-en-poudre-e1477561534395.jpg\" alt=\"neige-magique-en-poudre\" width=\"153\" height=\"302\" srcset=\"https:\/\/www.ideecadeau.ch\/blog\/wp-content\/uploads\/2016\/10\/neige-magique-en-poudre-e1477561534395.jpg 296w, https:\/\/www.ideecadeau.ch\/blog\/wp-content\/uploads\/2016\/10\/neige-magique-en-poudre-e1477561534395-152x300.jpg 152w\" sizes=\"(max-width: 153px) 100vw, 153px\" \/><\/a><\/p>\n<p>\u00ab&nbsp;Maman&nbsp;! Maman&nbsp;! quand c\u2019est qu\u2019il neige&nbsp;?&nbsp;\u2013&nbsp;Mais tout de suite mon enfant&nbsp;!&nbsp;\u00bb La poudre contenue dans le sachet <span style=\"color: #ff6600;\"><strong><a style=\"color: #ff6600;\" href=\"https:\/\/www.ideecadeau.ch\/p\/55595-neige-magique-en-poudre\">Magic Snow<\/a><\/strong><\/span> se transforme, comme par magie, en neige au contact de l\u2019eau. Plus besoin d\u2019attendre les premiers flacons pour faire un bonhomme de neige&nbsp;!<\/p>\n<h2>5. Bonhomme de neige<\/h2>\n<p><a href=\"https:\/\/www.ideecadeau.ch\/p\/61399-bonhomme-de-neige-powerbank-snowman\"><img loading=\"lazy\" class=\" wp-image-1785  alignnone\" src=\"http:\/\/blog.ideecadeau.ch\/wp-content\/uploads\/2016\/10\/bonhomme-de-neige-powerbank-snowman-e1477564685262.jpg\" alt=\"bonhomme-de-neige-powerbank-snowman\" width=\"300\" height=\"240\" srcset=\"https:\/\/www.ideecadeau.ch\/blog\/wp-content\/uploads\/2016\/10\/bonhomme-de-neige-powerbank-snowman-e1477564685262.jpg 538w, https:\/\/www.ideecadeau.ch\/blog\/wp-content\/uploads\/2016\/10\/bonhomme-de-neige-powerbank-snowman-e1477564685262-300x240.jpg 300w\" sizes=\"(max-width: 300px) 100vw, 300px\" \/><\/a><\/p>\n<p>Faites confiance au <strong><span style=\"color: #ff6600;\"><a style=\"color: #ff6600;\" href=\"https:\/\/www.ideecadeau.ch\/p\/61399-bonhomme-de-neige-powerbank-snowman\">bonhomme de neige<\/a><\/span><\/strong>&nbsp;! C\u2019est un sp\u00e9cialiste de la survie en situation de p\u00e9nurie d\u2019\u00e9nergie. Il cache sous son ventre une pile d\u2019appoint qui rechargera votre smartphone durant vos sorties dans la nature. Ce bonhomme de neige plein d\u2019\u00e9nergie ne fond pas !<\/p>\n<h2>6. Veilleuse licorne<\/h2>\n<p><a href=\"https:\/\/www.ideecadeau.ch\/p\/72055-veilleuse-licorne-magique-mood-light\"><img loading=\"lazy\" class=\"alignnone wp-image-1784 \" src=\"http:\/\/blog.ideecadeau.ch\/wp-content\/uploads\/2016\/10\/veilleuse-licorne-magique-mood-light-e1477561932397.png\" alt=\"veilleuse-licorne-magique-mood-light\" width=\"271\" height=\"272\" srcset=\"https:\/\/www.ideecadeau.ch\/blog\/wp-content\/uploads\/2016\/10\/veilleuse-licorne-magique-mood-light-e1477561932397.png 583w, https:\/\/www.ideecadeau.ch\/blog\/wp-content\/uploads\/2016\/10\/veilleuse-licorne-magique-mood-light-e1477561932397-150x150.png 150w, https:\/\/www.ideecadeau.ch\/blog\/wp-content\/uploads\/2016\/10\/veilleuse-licorne-magique-mood-light-e1477561932397-298x300.png 298w\" sizes=\"(max-width: 271px) 100vw, 271px\" \/><\/a><\/p>\n<div class=\"short-description description-text\">\n<p>La <span style=\"color: #ff6600;\"><strong><a style=\"color: #ff6600;\" href=\"https:\/\/www.ideecadeau.ch\/p\/72055-veilleuse-licorne-magique-mood-light\">veilleuse Licorne magique<\/a><\/strong><\/span> vous emm\u00e8ne chaque nuit dans son pays merveilleux. L\u00e0 o\u00f9 il ne fait jamais noir, o\u00f9 les enfants n\u2019ont jamais de devoirs, o\u00f9 tout le monde est le roi, o\u00f9 les m\u00e9chants serpents n\u2019existent pas, o\u00f9 les nuages ont le go\u00fbt de la barbe \u00e0 papa&#8230;<\/p>\n<\/div>\n<p>&nbsp;<\/p>\n<p>&nbsp;<\/p>\n","protected":false},"excerpt":{"rendered":"<p>Cette ann\u00e9e, en attendant No\u00ebl, surprenez vos proches avec le plus fabuleux des calendriers de l\u2019Avent&nbsp;! No\u00ebl approche \u00e0 pas feutr\u00e9s. On en tr\u00e9pigne d\u2019impatience. Dans un mois et une poign\u00e9e de jours, on ouvrira la premi\u00e8re fen\u00eatre du calendrier de l\u2019Avent. ideecadeau.ch vous propose de marquer le coup cette ann\u00e9e avec un calendrier unique [&hellip;]<\/p>\n","protected":false},"author":6,"featured_media":1778,"comment_status":"open","ping_status":"open","sticky":false,"template":"","format":"standard","meta":[],"categories":[2,479,474],"tags":[78,444,108,158,86,442,101,390,100,49,103,443],"_links":{"self":[{"href":"https:\/\/www.ideecadeau.ch\/blog\/wp-json\/wp\/v2\/posts\/1777"}],"collection":[{"href":"https:\/\/www.ideecadeau.ch\/blog\/wp-json\/wp\/v2\/posts"}],"about":[{"href":"https:\/\/www.ideecadeau.ch\/blog\/wp-json\/wp\/v2\/types\/post"}],"author":[{"embeddable":true,"href":"https:\/\/www.ideecadeau.ch\/blog\/wp-json\/wp\/v2\/users\/6"}],"replies":[{"embeddable":true,"href":"https:\/\/www.ideecadeau.ch\/blog\/wp-json\/wp\/v2\/comments?post=1777"}],"version-history":[{"count":9,"href":"https:\/\/www.ideecadeau.ch\/blog\/wp-json\/wp\/v2\/posts\/1777\/revisions"}],"predecessor-version":[{"id":2808,"href":"https:\/\/www.ideecadeau.ch\/blog\/wp-json\/wp\/v2\/posts\/1777\/revisions\/2808"}],"wp:featuredmedia":[{"embeddable":true,"href":"https:\/\/www.ideecadeau.ch\/blog\/wp-json\/wp\/v2\/media\/1778"}],"wp:attachment":[{"href":"https:\/\/www.ideecadeau.ch\/blog\/wp-json\/wp\/v2\/media?parent=1777"}],"wp:term":[{"taxonomy":"category","embeddable":true,"href":"https:\/\/www.ideecadeau.ch\/blog\/wp-json\/wp\/v2\/categories?post=1777"},{"taxonomy":"post_tag","embeddable":true,"href":"https:\/\/www.ideecadeau.ch\/blog\/wp-json\/wp\/v2\/tags?post=1777"}],"curies":[{"name":"wp","href":"https:\/\/api.w.org\/{rel}","templated":true}]}}