{"id":1861,"date":"2019-11-01T11:00:23","date_gmt":"2019-11-01T09:00:23","guid":{"rendered":"http:\/\/blog.ideecadeau.ch\/?p=1861"},"modified":"2019-11-01T12:04:09","modified_gmt":"2019-11-01T10:04:09","slug":"marches-de-noel-en-suisse","status":"publish","type":"post","link":"https:\/\/www.ideecadeau.ch\/blog\/marches-de-noel-en-suisse\/","title":{"rendered":"6 march\u00e9s de No\u00ebl \u00e0 ne pas manquer en Suisse"},"content":{"rendered":"<h2>En attendant la plus douce des nuits, il fait bon fl\u00e2ner dans les ruelles enchanteresses des march\u00e9s de No\u00ebl.<\/h2>\n<p>No\u00ebl approche \u00e0 grands pas. Bient\u00f4t les villes se pareront de leurs plus belles lumi\u00e8res. Ci et l\u00e0, au coin des rues, les sapins pousseront comme des champignons, tandis que des guirlandes c\u00e9lestes enlaceront les lampadaires et les maisons, sous le regard bienveillant d\u2019anges, d\u2019\u00e9toiles, de p\u00e8res No\u00ebl incandescents. Et comment r\u00e9sisterons-nous \u00e0 l\u2019ambiance f\u00e9\u00e9rique des march\u00e9s de No\u00ebl\u00a0? Le vin chaud, l\u2019odeur ensorceleuse de cannelle, les cabanes en bois, les sucreries, les cr\u00e8ches vivantes, le tra\u00eeneau du p\u00e8re No\u00ebl\u2026 Voici notre\u00a0s\u00e9lection de quelques-uns des plus beaux march\u00e9s de No\u00ebl en Suisse romande et outre Sarine.<\/p>\n<p><img loading=\"lazy\" class=\" alignnone wp-image-1864\" src=\"http:\/\/blog.ideecadeau.ch\/wp-content\/uploads\/2016\/11\/Fotolia_69043609_S.jpg\" alt=\"P\u00e4rchen trinkt Gl\u00fchwein\" width=\"500\" height=\"360\" srcset=\"https:\/\/www.ideecadeau.ch\/blog\/wp-content\/uploads\/2016\/11\/Fotolia_69043609_S.jpg 816w, https:\/\/www.ideecadeau.ch\/blog\/wp-content\/uploads\/2016\/11\/Fotolia_69043609_S-300x216.jpg 300w, https:\/\/www.ideecadeau.ch\/blog\/wp-content\/uploads\/2016\/11\/Fotolia_69043609_S-250x180.jpg 250w\" sizes=\"(max-width: 500px) 100vw, 500px\" \/><\/p>\n<h2>\u00a01. Montreux No\u00ebl, 21 novembre-24 d\u00e9cembre<\/h2>\n<p>Montreux la mondaine peut s\u2019enorgueillir de <span style=\"color: #ff6600;\"><strong><a style=\"color: #ff6600;\" href=\"http:\/\/www.montreuxnoel.com\/fr-1-attractions.html\" target=\"_blank\" rel=\"noopener noreferrer\">son march\u00e9 de No\u00ebl<\/a><\/strong><\/span> qui compte parmi les plus beaux de Suisse. Sur les quais du lac L\u00e9man, une centaine de chalets f\u00e9\u00e9riques, peupl\u00e9s d\u2019artisans et de restaurateurs, transporteront les visiteurs dans un conte de No\u00ebl. Les familles se baladeront avec plaisir sur la place des Lutins et dans d&rsquo;autres lieux magiques, comme le village des B\u00fbcherons. A Montreux les adultes retomberont dans l\u2019enfance\u00a0!<\/p>\n<h2>2. Le B\u00f4 No\u00ebl, Lausanne, 20 novembre-31 d\u00e9cembre<\/h2>\n<p>Le <strong><span style=\"color: #ff6600;\"><a style=\"color: #ff6600;\" href=\"http:\/\/www.bo-noel.ch\/wp\/\" target=\"_blank\" rel=\"noopener noreferrer\">march\u00e9 B\u00f4 No\u00ebl<\/a> <\/span><\/strong>a lieu aux quatre coins de la capitale vaudoise. Au programme\u00a0: vins du terroir, artisanat, concerts, animations pour les enfants\u2026 Dans le quartier du Flon, les Lausannois pourront profiter d\u2019une patinoire.<\/p>\n<h2>3. Le march\u00e9 de No\u00ebl de Sion, 7-23 d\u00e9cembre<\/h2>\n<p>Chaque ann\u00e9e \u00e0 la m\u00eame p\u00e9riode, une odeur suave de vin chaud embaume la place du Midi. Normal on est en Valais\u2026 Soixante artisans-cr\u00e9ateurs sont attendus dans ce <strong><span style=\"color: #ff6600;\"><a style=\"color: #ff6600;\" href=\"http:\/\/www.mdnsion.ch\/\" target=\"_blank\" rel=\"noopener noreferrer\">charmant march\u00e9 de No\u00ebl<\/a><\/span><\/strong> qui met \u00e0 l\u2019honneur l\u2019artisanat\u00a0: verrerie, broderie, orf\u00e8vrerie\u2026 Et impossible de manquer la traditionnelle cr\u00e8che vivante qui accueille des animaux en chair et en os (et vivants).<\/p>\n<p><img loading=\"lazy\" class=\" wp-image-1865 alignnone\" src=\"http:\/\/blog.ideecadeau.ch\/wp-content\/uploads\/2016\/11\/Fotolia_55896216_XS.jpg\" alt=\"Wichtelprchen zugeschneit\" width=\"500\" height=\"334\" srcset=\"https:\/\/www.ideecadeau.ch\/blog\/wp-content\/uploads\/2016\/11\/Fotolia_55896216_XS.jpg 424w, https:\/\/www.ideecadeau.ch\/blog\/wp-content\/uploads\/2016\/11\/Fotolia_55896216_XS-300x200.jpg 300w\" sizes=\"(max-width: 500px) 100vw, 500px\" \/><\/p>\n<h2>4. No\u00ebl \u00e0 Gruy\u00e8res, 13 novembre-22 d\u00e9cembre<\/h2>\n<p>Un vent de f\u00e9\u00e9rie souffle dans la cit\u00e9 m\u00e9di\u00e9vale. Entre novembre et janvier, Gruy\u00e8res rev\u00eat ses habits de lumi\u00e8re et devient le th\u00e9\u00e2tre de plein d&rsquo;animations pour petits et grands: march\u00e9 de No\u00ebl, concerts, expositions, restauration&#8230; La f\u00eate promet d&rsquo;\u00eatre belle entre les ramparts du bourg historique.<\/p>\n<h2>5. Les artisanales de No\u00ebl, Neuch\u00e2tel, 7-15 d\u00e9cembre<\/h2>\n<p>La place du Port \u00e0 Neuch\u00e2tel accueille chaque ann\u00e9e <strong><span style=\"color: #ff6600;\"><a style=\"color: #ff6600;\" href=\"http:\/\/www.artisanalesdenoel.ch\/\" target=\"_blank\" rel=\"noopener noreferrer\">un des plus grands march\u00e9s couverts<\/a><\/span><\/strong> de Suisse d\u2019artisans-cr\u00e9ateurs. Ils seront une centaine cette ann\u00e9e sous la grande tente chauff\u00e9e, merveilleux village \u00e9ph\u00e9m\u00e8re aux mille et une lumi\u00e8res. Comme d&rsquo;habitude, le terroir neuch\u00e2telois est \u00e0 l&rsquo;honneur. Pour le plus grand plaisir de nos\u00a0papilles !<\/p>\n<h2>6. Le Christkindlimarkt, Zurich, 21 novembre-24 d\u00e9cembre<\/h2>\n<p>Les voyageurs\u00a0 qui descendent du train se demandent s\u2019ils sont bel et bien arriv\u00e9s \u00e0 Zurich. Se pourrait-il que leur train se soit myst\u00e9rieusement \u00e9gar\u00e9 dans la lointaine Laponie o\u00f9 vit le p\u00e8re No\u00ebl\u00a0? On s\u2019y croirait vraiment\u00a0! L\u2019odeur enivrante de\u00a0vin chaud et de cannelle, les chalets en bois, l\u2019<strong><span style=\"color: #ff6600;\"><a style=\"color: #ff6600;\" href=\"https:\/\/www.zuerich.com\/fr\/visite\/shopping\/marche-de-noel\" target=\"_blank\" rel=\"noopener noreferrer\">immense sapin\u00a0de No\u00ebl<\/a> <\/span><\/strong>scintillant de milliers de cristaux Swarovski\u2026 Le p\u00e8re No\u00ebl et ses lutins ont\u00a0d\u00e9m\u00e9nag\u00e9 dans le hall de la gare de Zurich !<\/p>\n","protected":false},"excerpt":{"rendered":"<p>En attendant la plus douce des nuits, il fait bon fl\u00e2ner dans les ruelles enchanteresses des march\u00e9s de No\u00ebl. No\u00ebl approche \u00e0 grands pas. Bient\u00f4t les villes se pareront de leurs plus belles lumi\u00e8res. Ci et l\u00e0, au coin des rues, les sapins pousseront comme des champignons, tandis que des guirlandes c\u00e9lestes enlaceront les lampadaires [&hellip;]<\/p>\n","protected":false},"author":6,"featured_media":1862,"comment_status":"open","ping_status":"open","sticky":false,"template":"","format":"standard","meta":[],"categories":[479,5,474],"tags":[449,105,62,121,101,450,100,103,18,130],"_links":{"self":[{"href":"https:\/\/www.ideecadeau.ch\/blog\/wp-json\/wp\/v2\/posts\/1861"}],"collection":[{"href":"https:\/\/www.ideecadeau.ch\/blog\/wp-json\/wp\/v2\/posts"}],"about":[{"href":"https:\/\/www.ideecadeau.ch\/blog\/wp-json\/wp\/v2\/types\/post"}],"author":[{"embeddable":true,"href":"https:\/\/www.ideecadeau.ch\/blog\/wp-json\/wp\/v2\/users\/6"}],"replies":[{"embeddable":true,"href":"https:\/\/www.ideecadeau.ch\/blog\/wp-json\/wp\/v2\/comments?post=1861"}],"version-history":[{"count":22,"href":"https:\/\/www.ideecadeau.ch\/blog\/wp-json\/wp\/v2\/posts\/1861\/revisions"}],"predecessor-version":[{"id":2805,"href":"https:\/\/www.ideecadeau.ch\/blog\/wp-json\/wp\/v2\/posts\/1861\/revisions\/2805"}],"wp:featuredmedia":[{"embeddable":true,"href":"https:\/\/www.ideecadeau.ch\/blog\/wp-json\/wp\/v2\/media\/1862"}],"wp:attachment":[{"href":"https:\/\/www.ideecadeau.ch\/blog\/wp-json\/wp\/v2\/media?parent=1861"}],"wp:term":[{"taxonomy":"category","embeddable":true,"href":"https:\/\/www.ideecadeau.ch\/blog\/wp-json\/wp\/v2\/categories?post=1861"},{"taxonomy":"post_tag","embeddable":true,"href":"https:\/\/www.ideecadeau.ch\/blog\/wp-json\/wp\/v2\/tags?post=1861"}],"curies":[{"name":"wp","href":"https:\/\/api.w.org\/{rel}","templated":true}]}}